{"id":6085,"date":"2021-09-23T10:03:04","date_gmt":"2021-09-23T08:03:04","guid":{"rendered":"https:\/\/2vip.ftsnet.it\/?p=6085"},"modified":"2022-01-20T10:04:30","modified_gmt":"2022-01-20T09:04:30","slug":"mote-for-att-organisera-projektets-forsta-ltt","status":"publish","type":"post","link":"https:\/\/2vip.ftsnet.it\/sv\/mote-for-att-organisera-projektets-forsta-ltt\/","title":{"rendered":"M\u00d6TE F\u00d6R ATT ORGANISERA PROJEKTETS F\u00d6RSTA LTT"},"content":{"rendered":"<p>I g\u00e5r morse var det stor uppst\u00e5ndelse p\u00e5 FTS (Fondazione Toscana Sostenibile) om 2Vip-projektet &#8230; vi organiserar v\u00e5rt f\u00f6rsta LTT-projekt (Learning Training Teaching) i n\u00e4ra samarbete med CEBS, den partner som kommer att vara v\u00e4rd f\u00f6r alla deltagare i Polen under utbildningsmobiliteten.<\/p>\n<p>Med startm\u00f6tet som h\u00f6lls i juli inledde vi arbetet; tidigarelades online p\u00e5 grund av problem med resor p\u00e5 grund av Covid-pandemin, men den h\u00e4r g\u00e5ngen kommer vi \u00e4ntligen att se varandra p\u00e5 plats och vi kan inte v\u00e4nta p\u00e5 att f\u00e5 tr\u00e4ffa de nya projektpartnerna.<\/p>\n<p>Att kunna tr\u00e4ffa varandra personligen uppmuntrade oss att ansluta oss till den LTT som programmet tillhandah\u00e5ller med ytterligare ett m\u00f6te mellan cheferna f\u00f6r att b\u00e4ttre definiera vissa aspekter av projektet tillsammans, dela tankar, arbeta alla tillsammans p\u00e5 nya saker att utforska.<\/p>\n<p>Det italienska team som kommer att \u00e5ka iv\u00e4g f\u00f6r att genomf\u00f6ra aktiviteterna i Polen valdes ut med h\u00e4nsyn till alla aspekter av projektet och de personliga f\u00e4rdigheter som b\u00e4st skulle passa in i de planerade aktiviteterna. Fr\u00e5n FTS kommer en av de tv\u00e5 samordnarna f\u00f6r 2VIP att starta som \u00e4r experter p\u00e5 europeiska projekt och ett team med fyra ungdomsarbetare som var och en \u00e4r stark inom olika omr\u00e5den: teknik, ungdomars deltagande i det demokratiska livet, ungdomars v\u00e4rld.<\/p>\n<p>F\u00f6rberedelsefasen best\u00e5r av minst fem schemalagda sammantr\u00e4den med brainstorming och utbildningstillf\u00e4llen med f\u00f6rel\u00e4sningar av FTS-experter som kommer att st\u00f6dja projektet f\u00f6r att bygga upp det l\u00e4mpligaste materialet f\u00f6r att genomf\u00f6ra verksamheten i Polen. Allt material som produceras kommer att delas och omarbetas tillsammans med partnerna i de andra l\u00e4nderna f\u00f6re, under och efter mobiliteten f\u00f6r att g\u00f6ra det tillg\u00e4ngligt p\u00e5 2VIP-webbplatsen f\u00f6r alla som \u00f6ppna utbildningsresurser.<\/p>\n\n\t\t<style type=\"text\/css\">\n\t\t\t#gallery-1 {\n\t\t\t\tmargin: auto;\n\t\t\t}\n\t\t\t#gallery-1 .gallery-item {\n\t\t\t\tfloat: left;\n\t\t\t\tmargin-top: 10px;\n\t\t\t\ttext-align: center;\n\t\t\t\twidth: 25%;\n\t\t\t}\n\t\t\t#gallery-1 img {\n\t\t\t\tborder: 2px solid #cfcfcf;\n\t\t\t}\n\t\t\t#gallery-1 .gallery-caption {\n\t\t\t\tmargin-left: 0;\n\t\t\t}\n\t\t\t\/* see gallery_shortcode() in wp-includes\/media.php *\/\n\t\t<\/style>\n\t\t<div id='gallery-1' class='gallery galleryid-6085 gallery-columns-4 gallery-size-medium'><dl class='gallery-item'>\n\t\t\t<dt class='gallery-icon landscape'>\n\t\t\t\t<a href='https:\/\/2vip.ftsnet.it\/sv\/mote-for-att-organisera-projektets-forsta-ltt\/2vip02-3\/'><img width=\"300\" height=\"217\" src=\"https:\/\/2vip.ftsnet.it\/wp-content\/uploads\/2021\/09\/2vip02-1-300x217.jpg\" class=\"attachment-medium size-medium\" alt=\"\" loading=\"lazy\" srcset=\"https:\/\/2vip.ftsnet.it\/wp-content\/uploads\/2021\/09\/2vip02-1-300x217.jpg 300w, https:\/\/2vip.ftsnet.it\/wp-content\/uploads\/2021\/09\/2vip02-1-1024x742.jpg 1024w, https:\/\/2vip.ftsnet.it\/wp-content\/uploads\/2021\/09\/2vip02-1-768x557.jpg 768w, https:\/\/2vip.ftsnet.it\/wp-content\/uploads\/2021\/09\/2vip02-1-470x340.jpg 470w, https:\/\/2vip.ftsnet.it\/wp-content\/uploads\/2021\/09\/2vip02-1.jpg 1507w\" sizes=\"(max-width: 300px) 100vw, 300px\" \/><\/a>\n\t\t\t<\/dt><\/dl><dl class='gallery-item'>\n\t\t\t<dt class='gallery-icon landscape'>\n\t\t\t\t<a href='https:\/\/2vip.ftsnet.it\/sv\/mote-for-att-organisera-projektets-forsta-ltt\/2vip03-3\/'><img width=\"300\" height=\"179\" src=\"https:\/\/2vip.ftsnet.it\/wp-content\/uploads\/2021\/09\/2vip03-1-300x179.jpg\" class=\"attachment-medium size-medium\" alt=\"\" loading=\"lazy\" srcset=\"https:\/\/2vip.ftsnet.it\/wp-content\/uploads\/2021\/09\/2vip03-1-300x179.jpg 300w, https:\/\/2vip.ftsnet.it\/wp-content\/uploads\/2021\/09\/2vip03-1-1024x610.jpg 1024w, https:\/\/2vip.ftsnet.it\/wp-content\/uploads\/2021\/09\/2vip03-1-768x458.jpg 768w, https:\/\/2vip.ftsnet.it\/wp-content\/uploads\/2021\/09\/2vip03-1.jpg 1510w\" sizes=\"(max-width: 300px) 100vw, 300px\" \/><\/a>\n\t\t\t<\/dt><\/dl><dl class='gallery-item'>\n\t\t\t<dt class='gallery-icon landscape'>\n\t\t\t\t<a href='https:\/\/2vip.ftsnet.it\/sv\/mote-for-att-organisera-projektets-forsta-ltt\/2vip04-3\/'><img width=\"300\" height=\"225\" src=\"https:\/\/2vip.ftsnet.it\/wp-content\/uploads\/2021\/09\/2vip04-1-300x225.jpg\" class=\"attachment-medium size-medium\" alt=\"\" loading=\"lazy\" srcset=\"https:\/\/2vip.ftsnet.it\/wp-content\/uploads\/2021\/09\/2vip04-1-300x225.jpg 300w, https:\/\/2vip.ftsnet.it\/wp-content\/uploads\/2021\/09\/2vip04-1-1024x768.jpg 1024w, https:\/\/2vip.ftsnet.it\/wp-content\/uploads\/2021\/09\/2vip04-1-768x576.jpg 768w, https:\/\/2vip.ftsnet.it\/wp-content\/uploads\/2021\/09\/2vip04-1-1536x1152.jpg 1536w, https:\/\/2vip.ftsnet.it\/wp-content\/uploads\/2021\/09\/2vip04-1.jpg 1600w\" sizes=\"(max-width: 300px) 100vw, 300px\" \/><\/a>\n\t\t\t<\/dt><\/dl><dl class='gallery-item'>\n\t\t\t<dt class='gallery-icon landscape'>\n\t\t\t\t<a href='https:\/\/2vip.ftsnet.it\/sv\/mote-for-att-organisera-projektets-forsta-ltt\/2vip05-3\/'><img width=\"300\" height=\"225\" src=\"https:\/\/2vip.ftsnet.it\/wp-content\/uploads\/2021\/09\/2vip05-1-300x225.jpg\" class=\"attachment-medium size-medium\" alt=\"\" loading=\"lazy\" srcset=\"https:\/\/2vip.ftsnet.it\/wp-content\/uploads\/2021\/09\/2vip05-1-300x225.jpg 300w, https:\/\/2vip.ftsnet.it\/wp-content\/uploads\/2021\/09\/2vip05-1-1024x768.jpg 1024w, https:\/\/2vip.ftsnet.it\/wp-content\/uploads\/2021\/09\/2vip05-1-768x576.jpg 768w, https:\/\/2vip.ftsnet.it\/wp-content\/uploads\/2021\/09\/2vip05-1-1536x1152.jpg 1536w, https:\/\/2vip.ftsnet.it\/wp-content\/uploads\/2021\/09\/2vip05-1.jpg 1600w\" sizes=\"(max-width: 300px) 100vw, 300px\" \/><\/a>\n\t\t\t<\/dt><\/dl><br style=\"clear: both\" \/>\n\t\t<\/div>\n\n<p><strong>Under denna f\u00f6rsta mobilitet kommer de tv\u00e5 f\u00f6rsta didaktiska resurserna att sl\u00e4ppas:<\/strong><\/p>\n<p><strong>&#8211; B\u00e4sta metoder f\u00f6r att involvera ungdomar i det demokratiska livet: &#8221;L\u00e5t oss delta&#8221;.<\/strong><\/p>\n<p><strong>&#8211; Hur man skapar VR-video: Hur man g\u00f6r VR-video: &#8221;L\u00e5t oss g\u00f6ra VR-video&#8221;<\/strong><\/p>\n<p>M\u00f6jligheten att tr\u00e4ffas kommer att g\u00f6ra det m\u00f6jligt f\u00f6r oss att l\u00e4ra k\u00e4nna varandra personligen och inte bara genom digitala verktyg och kommer att ge oss m\u00f6jlighet att l\u00e4ra oss hur man filmar videor med hj\u00e4lp av Virtual Reality och tillsammans uppt\u00e4cka vilka som \u00e4r de b\u00e4sta metoderna f\u00f6r att involvera ungdomar och f\u00e5 dem att i allt h\u00f6gre grad delta i det demokratiska livet. . Fr\u00e5n Italien f\u00f6rbereder vi uppslukande workshops och kreativa aktiviteter &#8230;. H\u00e5ll \u00f6gonen \u00f6ppna!!!<\/p>\n<p>Vi \u00e4r mycket nyfikna p\u00e5 hur v\u00e5ra partner f\u00f6rbereder sig och vilka vi kommer att tr\u00e4ffa. Uppdatera oss!<\/p>\n<div class=\"clearfix\"><\/div>","protected":false},"excerpt":{"rendered":"<p>I g\u00e5r morse var det stor uppst\u00e5ndelse p\u00e5 FTS (Fondazione Toscana Sostenibile) om 2Vip-projektet &#8230; vi organiserar v\u00e5rt f\u00f6rsta LTT-projekt (Learning Training Teaching) i n\u00e4ra samarbete med CEBS, den partner som kommer att vara v\u00e4rd f\u00f6r alla deltagare i Polen under utbildningsmobiliteten. Med startm\u00f6tet som&#8230;<\/p>\n","protected":false},"author":5,"featured_media":6092,"comment_status":"closed","ping_status":"closed","sticky":false,"template":"","format":"standard","meta":[],"categories":[123],"tags":[],"yoast_head":"<!-- This site is optimized with the Yoast SEO plugin v19.3 - https:\/\/yoast.com\/wordpress\/plugins\/seo\/ -->\n<title>M\u00d6TE F\u00d6R ATT ORGANISERA PROJEKTETS F\u00d6RSTA LTT - 2ViP<\/title>\n<meta name=\"robots\" content=\"index, follow, max-snippet:-1, max-image-preview:large, max-video-preview:-1\" \/>\n<link rel=\"canonical\" href=\"https:\/\/2vip.ftsnet.it\/sv\/mote-for-att-organisera-projektets-forsta-ltt\/\" \/>\n<meta property=\"og:locale\" content=\"sv_SE\" \/>\n<meta property=\"og:type\" content=\"article\" \/>\n<meta property=\"og:title\" content=\"M\u00d6TE F\u00d6R ATT ORGANISERA PROJEKTETS F\u00d6RSTA LTT - 2ViP\" \/>\n<meta property=\"og:description\" content=\"I g\u00e5r morse var det stor uppst\u00e5ndelse p\u00e5 FTS (Fondazione Toscana Sostenibile) om 2Vip-projektet &#8230; vi organiserar v\u00e5rt f\u00f6rsta LTT-projekt (Learning Training Teaching) i n\u00e4ra samarbete med CEBS, den partner som kommer att vara v\u00e4rd f\u00f6r alla deltagare i Polen under utbildningsmobiliteten. Med startm\u00f6tet som...\" \/>\n<meta property=\"og:url\" content=\"https:\/\/2vip.ftsnet.it\/sv\/mote-for-att-organisera-projektets-forsta-ltt\/\" \/>\n<meta property=\"og:site_name\" content=\"2ViP\" \/>\n<meta property=\"article:published_time\" content=\"2021-09-23T08:03:04+00:00\" \/>\n<meta property=\"article:modified_time\" content=\"2022-01-20T09:04:30+00:00\" \/>\n<meta property=\"og:image\" content=\"https:\/\/2vip.ftsnet.it\/wp-content\/uploads\/2021\/09\/WhatsApp-Image-2021-09-24-at-12.30.12.jpeg\" \/>\n\t<meta property=\"og:image:width\" content=\"1024\" \/>\n\t<meta property=\"og:image:height\" content=\"676\" \/>\n\t<meta property=\"og:image:type\" content=\"image\/jpeg\" \/>\n<meta name=\"author\" content=\"AdminEU\" \/>\n<meta name=\"twitter:card\" content=\"summary_large_image\" \/>\n<meta name=\"twitter:label1\" content=\"Skriven av\" \/>\n\t<meta name=\"twitter:data1\" content=\"AdminEU\" \/>\n\t<meta name=\"twitter:label2\" content=\"Ber\u00e4knad l\u00e4stid\" \/>\n\t<meta name=\"twitter:data2\" content=\"2 minuter\" \/>\n<script type=\"application\/ld+json\" class=\"yoast-schema-graph\">{\"@context\":\"https:\/\/schema.org\",\"@graph\":[{\"@type\":\"WebSite\",\"@id\":\"https:\/\/2vip.ftsnet.it\/sv\/#website\",\"url\":\"https:\/\/2vip.ftsnet.it\/sv\/\",\"name\":\"2ViP\",\"description\":\"Video &amp; Virtual reality for successful youth\u2019s Participation in democratic life\",\"potentialAction\":[{\"@type\":\"SearchAction\",\"target\":{\"@type\":\"EntryPoint\",\"urlTemplate\":\"https:\/\/2vip.ftsnet.it\/sv\/?s={search_term_string}\"},\"query-input\":\"required name=search_term_string\"}],\"inLanguage\":\"sv-SE\"},{\"@type\":\"ImageObject\",\"inLanguage\":\"sv-SE\",\"@id\":\"https:\/\/2vip.ftsnet.it\/sv\/mote-for-att-organisera-projektets-forsta-ltt\/#primaryimage\",\"url\":\"https:\/\/2vip.ftsnet.it\/wp-content\/uploads\/2021\/09\/WhatsApp-Image-2021-09-24-at-12.30.12.jpeg\",\"contentUrl\":\"https:\/\/2vip.ftsnet.it\/wp-content\/uploads\/2021\/09\/WhatsApp-Image-2021-09-24-at-12.30.12.jpeg\",\"width\":1024,\"height\":676},{\"@type\":\"WebPage\",\"@id\":\"https:\/\/2vip.ftsnet.it\/sv\/mote-for-att-organisera-projektets-forsta-ltt\/\",\"url\":\"https:\/\/2vip.ftsnet.it\/sv\/mote-for-att-organisera-projektets-forsta-ltt\/\",\"name\":\"M\u00d6TE F\u00d6R ATT ORGANISERA PROJEKTETS F\u00d6RSTA LTT - 2ViP\",\"isPartOf\":{\"@id\":\"https:\/\/2vip.ftsnet.it\/sv\/#website\"},\"primaryImageOfPage\":{\"@id\":\"https:\/\/2vip.ftsnet.it\/sv\/mote-for-att-organisera-projektets-forsta-ltt\/#primaryimage\"},\"datePublished\":\"2021-09-23T08:03:04+00:00\",\"dateModified\":\"2022-01-20T09:04:30+00:00\",\"author\":{\"@id\":\"https:\/\/2vip.ftsnet.it\/sv\/#\/schema\/person\/40f11e4ed8163d133773dca335ded470\"},\"breadcrumb\":{\"@id\":\"https:\/\/2vip.ftsnet.it\/sv\/mote-for-att-organisera-projektets-forsta-ltt\/#breadcrumb\"},\"inLanguage\":\"sv-SE\",\"potentialAction\":[{\"@type\":\"ReadAction\",\"target\":[\"https:\/\/2vip.ftsnet.it\/sv\/mote-for-att-organisera-projektets-forsta-ltt\/\"]}]},{\"@type\":\"BreadcrumbList\",\"@id\":\"https:\/\/2vip.ftsnet.it\/sv\/mote-for-att-organisera-projektets-forsta-ltt\/#breadcrumb\",\"itemListElement\":[{\"@type\":\"ListItem\",\"position\":1,\"name\":\"Home\",\"item\":\"https:\/\/2vip.ftsnet.it\/sv\/\"},{\"@type\":\"ListItem\",\"position\":2,\"name\":\"M\u00d6TE F\u00d6R ATT ORGANISERA PROJEKTETS F\u00d6RSTA LTT\"}]},{\"@type\":\"Person\",\"@id\":\"https:\/\/2vip.ftsnet.it\/sv\/#\/schema\/person\/40f11e4ed8163d133773dca335ded470\",\"name\":\"AdminEU\",\"image\":{\"@type\":\"ImageObject\",\"inLanguage\":\"sv-SE\",\"@id\":\"https:\/\/2vip.ftsnet.it\/sv\/#\/schema\/person\/image\/\",\"url\":\"https:\/\/secure.gravatar.com\/avatar\/f70ba451ad28a04aa3ab9aaab5f5f0c1?s=96&d=mm&r=g\",\"contentUrl\":\"https:\/\/secure.gravatar.com\/avatar\/f70ba451ad28a04aa3ab9aaab5f5f0c1?s=96&d=mm&r=g\",\"caption\":\"AdminEU\"},\"url\":\"https:\/\/2vip.ftsnet.it\/sv\/author\/admineu\/\"}]}<\/script>\n<!-- \/ Yoast SEO plugin. -->","yoast_head_json":{"title":"M\u00d6TE F\u00d6R ATT ORGANISERA PROJEKTETS F\u00d6RSTA LTT - 2ViP","robots":{"index":"index","follow":"follow","max-snippet":"max-snippet:-1","max-image-preview":"max-image-preview:large","max-video-preview":"max-video-preview:-1"},"canonical":"https:\/\/2vip.ftsnet.it\/sv\/mote-for-att-organisera-projektets-forsta-ltt\/","og_locale":"sv_SE","og_type":"article","og_title":"M\u00d6TE F\u00d6R ATT ORGANISERA PROJEKTETS F\u00d6RSTA LTT - 2ViP","og_description":"I g\u00e5r morse var det stor uppst\u00e5ndelse p\u00e5 FTS (Fondazione Toscana Sostenibile) om 2Vip-projektet &#8230; vi organiserar v\u00e5rt f\u00f6rsta LTT-projekt (Learning Training Teaching) i n\u00e4ra samarbete med CEBS, den partner som kommer att vara v\u00e4rd f\u00f6r alla deltagare i Polen under utbildningsmobiliteten. Med startm\u00f6tet som...","og_url":"https:\/\/2vip.ftsnet.it\/sv\/mote-for-att-organisera-projektets-forsta-ltt\/","og_site_name":"2ViP","article_published_time":"2021-09-23T08:03:04+00:00","article_modified_time":"2022-01-20T09:04:30+00:00","og_image":[{"width":1024,"height":676,"url":"https:\/\/2vip.ftsnet.it\/wp-content\/uploads\/2021\/09\/WhatsApp-Image-2021-09-24-at-12.30.12.jpeg","type":"image\/jpeg"}],"author":"AdminEU","twitter_card":"summary_large_image","twitter_misc":{"Skriven av":"AdminEU","Ber\u00e4knad l\u00e4stid":"2 minuter"},"schema":{"@context":"https:\/\/schema.org","@graph":[{"@type":"WebSite","@id":"https:\/\/2vip.ftsnet.it\/sv\/#website","url":"https:\/\/2vip.ftsnet.it\/sv\/","name":"2ViP","description":"Video &amp; Virtual reality for successful youth\u2019s Participation in democratic life","potentialAction":[{"@type":"SearchAction","target":{"@type":"EntryPoint","urlTemplate":"https:\/\/2vip.ftsnet.it\/sv\/?s={search_term_string}"},"query-input":"required name=search_term_string"}],"inLanguage":"sv-SE"},{"@type":"ImageObject","inLanguage":"sv-SE","@id":"https:\/\/2vip.ftsnet.it\/sv\/mote-for-att-organisera-projektets-forsta-ltt\/#primaryimage","url":"https:\/\/2vip.ftsnet.it\/wp-content\/uploads\/2021\/09\/WhatsApp-Image-2021-09-24-at-12.30.12.jpeg","contentUrl":"https:\/\/2vip.ftsnet.it\/wp-content\/uploads\/2021\/09\/WhatsApp-Image-2021-09-24-at-12.30.12.jpeg","width":1024,"height":676},{"@type":"WebPage","@id":"https:\/\/2vip.ftsnet.it\/sv\/mote-for-att-organisera-projektets-forsta-ltt\/","url":"https:\/\/2vip.ftsnet.it\/sv\/mote-for-att-organisera-projektets-forsta-ltt\/","name":"M\u00d6TE F\u00d6R ATT ORGANISERA PROJEKTETS F\u00d6RSTA LTT - 2ViP","isPartOf":{"@id":"https:\/\/2vip.ftsnet.it\/sv\/#website"},"primaryImageOfPage":{"@id":"https:\/\/2vip.ftsnet.it\/sv\/mote-for-att-organisera-projektets-forsta-ltt\/#primaryimage"},"datePublished":"2021-09-23T08:03:04+00:00","dateModified":"2022-01-20T09:04:30+00:00","author":{"@id":"https:\/\/2vip.ftsnet.it\/sv\/#\/schema\/person\/40f11e4ed8163d133773dca335ded470"},"breadcrumb":{"@id":"https:\/\/2vip.ftsnet.it\/sv\/mote-for-att-organisera-projektets-forsta-ltt\/#breadcrumb"},"inLanguage":"sv-SE","potentialAction":[{"@type":"ReadAction","target":["https:\/\/2vip.ftsnet.it\/sv\/mote-for-att-organisera-projektets-forsta-ltt\/"]}]},{"@type":"BreadcrumbList","@id":"https:\/\/2vip.ftsnet.it\/sv\/mote-for-att-organisera-projektets-forsta-ltt\/#breadcrumb","itemListElement":[{"@type":"ListItem","position":1,"name":"Home","item":"https:\/\/2vip.ftsnet.it\/sv\/"},{"@type":"ListItem","position":2,"name":"M\u00d6TE F\u00d6R ATT ORGANISERA PROJEKTETS F\u00d6RSTA LTT"}]},{"@type":"Person","@id":"https:\/\/2vip.ftsnet.it\/sv\/#\/schema\/person\/40f11e4ed8163d133773dca335ded470","name":"AdminEU","image":{"@type":"ImageObject","inLanguage":"sv-SE","@id":"https:\/\/2vip.ftsnet.it\/sv\/#\/schema\/person\/image\/","url":"https:\/\/secure.gravatar.com\/avatar\/f70ba451ad28a04aa3ab9aaab5f5f0c1?s=96&d=mm&r=g","contentUrl":"https:\/\/secure.gravatar.com\/avatar\/f70ba451ad28a04aa3ab9aaab5f5f0c1?s=96&d=mm&r=g","caption":"AdminEU"},"url":"https:\/\/2vip.ftsnet.it\/sv\/author\/admineu\/"}]}},"_links":{"self":[{"href":"https:\/\/2vip.ftsnet.it\/sv\/wp-json\/wp\/v2\/posts\/6085"}],"collection":[{"href":"https:\/\/2vip.ftsnet.it\/sv\/wp-json\/wp\/v2\/posts"}],"about":[{"href":"https:\/\/2vip.ftsnet.it\/sv\/wp-json\/wp\/v2\/types\/post"}],"author":[{"embeddable":true,"href":"https:\/\/2vip.ftsnet.it\/sv\/wp-json\/wp\/v2\/users\/5"}],"replies":[{"embeddable":true,"href":"https:\/\/2vip.ftsnet.it\/sv\/wp-json\/wp\/v2\/comments?post=6085"}],"version-history":[{"count":1,"href":"https:\/\/2vip.ftsnet.it\/sv\/wp-json\/wp\/v2\/posts\/6085\/revisions"}],"predecessor-version":[{"id":6109,"href":"https:\/\/2vip.ftsnet.it\/sv\/wp-json\/wp\/v2\/posts\/6085\/revisions\/6109"}],"wp:featuredmedia":[{"embeddable":true,"href":"https:\/\/2vip.ftsnet.it\/sv\/wp-json\/wp\/v2\/media\/6092"}],"wp:attachment":[{"href":"https:\/\/2vip.ftsnet.it\/sv\/wp-json\/wp\/v2\/media?parent=6085"}],"wp:term":[{"taxonomy":"category","embeddable":true,"href":"https:\/\/2vip.ftsnet.it\/sv\/wp-json\/wp\/v2\/categories?post=6085"},{"taxonomy":"post_tag","embeddable":true,"href":"https:\/\/2vip.ftsnet.it\/sv\/wp-json\/wp\/v2\/tags?post=6085"}],"curies":[{"name":"wp","href":"https:\/\/api.w.org\/{rel}","templated":true}]}}