{"id":5862,"date":"2022-01-19T10:54:14","date_gmt":"2022-01-19T09:54:14","guid":{"rendered":"https:\/\/2vip.ftsnet.it\/?p=5862"},"modified":"2022-01-19T10:54:14","modified_gmt":"2022-01-19T09:54:14","slug":"2vip-zboara-la-lisabona","status":"publish","type":"post","link":"https:\/\/2vip.ftsnet.it\/ro\/2vip-zboara-la-lisabona\/","title":{"rendered":"2Vip zboar\u0103 la Lisabona"},"content":{"rendered":"<p><strong>Proiectul european 2Vip zboar\u0103 la Lisabona pentru o conferin\u021b\u0103 interna\u021bional\u0103 dedicat\u0103 form\u0103rii profesionale<\/strong><\/p>\n<p>Cu ocazia celei de-a \u0219aptea edi\u021bii a <strong>Forumului Interna\u021bional Skillman (SIF),<\/strong> care se va desf\u0103\u0219ura \u00eentre <strong>Bologna \u0219i Lisabona \u00een perioada 15-18 noiembrie 2021<\/strong>, proiectul 2Vip va fi prezent, \u00een sesiunea de la Lisabona, cu un Workshop dedicat utilizarea realit\u0103\u021bii virtuale \u00een procesele de \u00eenv\u0103\u021bare orientate c\u0103tre formarea profesional\u0103.<\/p>\n<p>\u00cen acest an vor fi ingrediente foarte importante ale Forumului Interna\u021bional Skillman: perspectivele pie\u021bei muncii \u0219i transformarea competen\u021belor digitale, cu o aten\u021bie deosebit\u0103 tinerilor. Ca \u00een fiecare an, forumul face parte dintr-o lung\u0103 c\u0103l\u0103torie \u00een dezvoltarea competen\u021belor \u00een care vorbitori, sponsori, parteneri \u0219i participan\u021bi interna\u021bionali vor lucra \u00eempreun\u0103 pentru a atinge obiective comune care vizeaz\u0103 \u00eembun\u0103t\u0103\u021birea <strong>VET<\/strong> (Educa\u021bia \u0219i Formarea Profesional\u0103).<\/p>\n<p>Forumul va fi o oportunitate care va aduce, f\u0103r\u0103 \u00eendoial\u0103, elemente importante de cre\u0219tere pentru 2Vip \u0219i partenerii s\u0103i.<\/p>\n<p>Proiectul 2VIP va fi reprezentat de<strong> Camilla Meschi de la <\/strong><a href=\"http:\/\/www.ftsnet.it\"><strong>Fonda\u021bia Toscana Sostenibile<\/strong><\/a> (lider de proiect): &#8222;\u00cempreun\u0103 cu un reprezentant al proiectului de la care a pornit 2Vip, adic\u0103 Viral, vom organiza acest workshop pentru a ne \u00eemp\u0103rt\u0103\u0219i cuno\u0219tin\u021bele \u0219i a colecta stimuli \u0219i observa\u021bii utile pentru ac\u021biunile viitoare. <strong>Giovanni Golfarini \u0219i cu mine din <\/strong><a href=\"http:\/\/www.nkey.it\"><strong>Nkey srl<\/strong><\/a> ne vom dedica s\u0103 adun\u0103m c\u00e2t mai mult material posibil pentru a \u00eemp\u0103rt\u0103\u0219i cu ceilal\u021bi parteneri de proiect noi idei \u0219i propuneri de pus \u00een practic\u0103. Acest lucru ne va ajuta s\u0103 ducem mai departe proiectele noastre prezente \u0219i viitoare cu entuziasm. Oportunit\u0103\u021bile de schimb \u0219i reflectare a unei calit\u0103\u021bi ca acestea, \u00een aceast\u0103 perioad\u0103 de pandemie, nu sunt frecvente. Vom profita la maximum de aceast\u0103 oportunitate\u201d.<\/p>\n<p><strong>Evenimentul poate fi urm\u0103rit \u0219i \u00een streaming.<\/strong><\/p>\n<p>Pentru informatii si inregistrari vizitati site-ul: <a href=\"https:\/\/skillman.eu\/sif2021\/\">https:\/\/skillman.eu\/sif2021\/<\/a><\/p>\n<div class=\"clearfix\"><\/div>","protected":false},"excerpt":{"rendered":"<p>Proiectul european 2Vip zboar\u0103 la Lisabona pentru o conferin\u021b\u0103 interna\u021bional\u0103 dedicat\u0103 form\u0103rii profesionale Cu ocazia celei de-a \u0219aptea edi\u021bii a Forumului Interna\u021bional Skillman (SIF), care se va desf\u0103\u0219ura \u00eentre Bologna \u0219i Lisabona \u00een perioada 15-18 noiembrie 2021, proiectul 2Vip va fi prezent, \u00een sesiunea de&#8230;<\/p>\n","protected":false},"author":5,"featured_media":5865,"comment_status":"closed","ping_status":"closed","sticky":false,"template":"","format":"standard","meta":[],"categories":[122],"tags":[],"yoast_head":"<!-- This site is optimized with the Yoast SEO plugin v19.3 - https:\/\/yoast.com\/wordpress\/plugins\/seo\/ -->\n<title>2Vip zboar\u0103 la Lisabona - 2ViP<\/title>\n<meta name=\"robots\" content=\"index, follow, max-snippet:-1, max-image-preview:large, max-video-preview:-1\" \/>\n<link rel=\"canonical\" href=\"https:\/\/2vip.ftsnet.it\/ro\/2vip-zboara-la-lisabona\/\" \/>\n<meta property=\"og:locale\" content=\"ro_RO\" \/>\n<meta property=\"og:type\" content=\"article\" \/>\n<meta property=\"og:title\" content=\"2Vip zboar\u0103 la Lisabona - 2ViP\" \/>\n<meta property=\"og:description\" content=\"Proiectul european 2Vip zboar\u0103 la Lisabona pentru o conferin\u021b\u0103 interna\u021bional\u0103 dedicat\u0103 form\u0103rii profesionale Cu ocazia celei de-a \u0219aptea edi\u021bii a Forumului Interna\u021bional Skillman (SIF), care se va desf\u0103\u0219ura \u00eentre Bologna \u0219i Lisabona \u00een perioada 15-18 noiembrie 2021, proiectul 2Vip va fi prezent, \u00een sesiunea de...\" \/>\n<meta property=\"og:url\" content=\"https:\/\/2vip.ftsnet.it\/ro\/2vip-zboara-la-lisabona\/\" \/>\n<meta property=\"og:site_name\" content=\"2ViP\" \/>\n<meta property=\"article:published_time\" content=\"2022-01-19T09:54:14+00:00\" \/>\n<meta property=\"og:image\" content=\"https:\/\/2vip.ftsnet.it\/wp-content\/uploads\/2021\/11\/2vipLisbona-1.jpg\" \/>\n\t<meta property=\"og:image:width\" content=\"1024\" \/>\n\t<meta property=\"og:image:height\" content=\"576\" \/>\n\t<meta property=\"og:image:type\" content=\"image\/jpeg\" \/>\n<meta name=\"author\" content=\"AdminEU\" \/>\n<meta name=\"twitter:card\" content=\"summary_large_image\" \/>\n<meta name=\"twitter:label1\" content=\"Scris de\" \/>\n\t<meta name=\"twitter:data1\" content=\"AdminEU\" \/>\n\t<meta name=\"twitter:label2\" content=\"Timp estimat pentru citire\" \/>\n\t<meta name=\"twitter:data2\" content=\"2 minute\" \/>\n<script type=\"application\/ld+json\" class=\"yoast-schema-graph\">{\"@context\":\"https:\/\/schema.org\",\"@graph\":[{\"@type\":\"WebSite\",\"@id\":\"https:\/\/2vip.ftsnet.it\/ro\/#website\",\"url\":\"https:\/\/2vip.ftsnet.it\/ro\/\",\"name\":\"2ViP\",\"description\":\"Video &amp; Virtual reality for successful youth\u2019s Participation in democratic life\",\"potentialAction\":[{\"@type\":\"SearchAction\",\"target\":{\"@type\":\"EntryPoint\",\"urlTemplate\":\"https:\/\/2vip.ftsnet.it\/ro\/?s={search_term_string}\"},\"query-input\":\"required name=search_term_string\"}],\"inLanguage\":\"ro-RO\"},{\"@type\":\"ImageObject\",\"inLanguage\":\"ro-RO\",\"@id\":\"https:\/\/2vip.ftsnet.it\/ro\/2vip-zboara-la-lisabona\/#primaryimage\",\"url\":\"https:\/\/2vip.ftsnet.it\/wp-content\/uploads\/2021\/11\/2vipLisbona-1.jpg\",\"contentUrl\":\"https:\/\/2vip.ftsnet.it\/wp-content\/uploads\/2021\/11\/2vipLisbona-1.jpg\",\"width\":1024,\"height\":576},{\"@type\":\"WebPage\",\"@id\":\"https:\/\/2vip.ftsnet.it\/ro\/2vip-zboara-la-lisabona\/\",\"url\":\"https:\/\/2vip.ftsnet.it\/ro\/2vip-zboara-la-lisabona\/\",\"name\":\"2Vip zboar\u0103 la Lisabona - 2ViP\",\"isPartOf\":{\"@id\":\"https:\/\/2vip.ftsnet.it\/ro\/#website\"},\"primaryImageOfPage\":{\"@id\":\"https:\/\/2vip.ftsnet.it\/ro\/2vip-zboara-la-lisabona\/#primaryimage\"},\"datePublished\":\"2022-01-19T09:54:14+00:00\",\"dateModified\":\"2022-01-19T09:54:14+00:00\",\"author\":{\"@id\":\"https:\/\/2vip.ftsnet.it\/ro\/#\/schema\/person\/40f11e4ed8163d133773dca335ded470\"},\"breadcrumb\":{\"@id\":\"https:\/\/2vip.ftsnet.it\/ro\/2vip-zboara-la-lisabona\/#breadcrumb\"},\"inLanguage\":\"ro-RO\",\"potentialAction\":[{\"@type\":\"ReadAction\",\"target\":[\"https:\/\/2vip.ftsnet.it\/ro\/2vip-zboara-la-lisabona\/\"]}]},{\"@type\":\"BreadcrumbList\",\"@id\":\"https:\/\/2vip.ftsnet.it\/ro\/2vip-zboara-la-lisabona\/#breadcrumb\",\"itemListElement\":[{\"@type\":\"ListItem\",\"position\":1,\"name\":\"Home\",\"item\":\"https:\/\/2vip.ftsnet.it\/ro\/\"},{\"@type\":\"ListItem\",\"position\":2,\"name\":\"2Vip zboar\u0103 la Lisabona\"}]},{\"@type\":\"Person\",\"@id\":\"https:\/\/2vip.ftsnet.it\/ro\/#\/schema\/person\/40f11e4ed8163d133773dca335ded470\",\"name\":\"AdminEU\",\"image\":{\"@type\":\"ImageObject\",\"inLanguage\":\"ro-RO\",\"@id\":\"https:\/\/2vip.ftsnet.it\/ro\/#\/schema\/person\/image\/\",\"url\":\"https:\/\/secure.gravatar.com\/avatar\/f70ba451ad28a04aa3ab9aaab5f5f0c1?s=96&d=mm&r=g\",\"contentUrl\":\"https:\/\/secure.gravatar.com\/avatar\/f70ba451ad28a04aa3ab9aaab5f5f0c1?s=96&d=mm&r=g\",\"caption\":\"AdminEU\"},\"url\":\"https:\/\/2vip.ftsnet.it\/ro\/author\/admineu\/\"}]}<\/script>\n<!-- \/ Yoast SEO plugin. -->","yoast_head_json":{"title":"2Vip zboar\u0103 la Lisabona - 2ViP","robots":{"index":"index","follow":"follow","max-snippet":"max-snippet:-1","max-image-preview":"max-image-preview:large","max-video-preview":"max-video-preview:-1"},"canonical":"https:\/\/2vip.ftsnet.it\/ro\/2vip-zboara-la-lisabona\/","og_locale":"ro_RO","og_type":"article","og_title":"2Vip zboar\u0103 la Lisabona - 2ViP","og_description":"Proiectul european 2Vip zboar\u0103 la Lisabona pentru o conferin\u021b\u0103 interna\u021bional\u0103 dedicat\u0103 form\u0103rii profesionale Cu ocazia celei de-a \u0219aptea edi\u021bii a Forumului Interna\u021bional Skillman (SIF), care se va desf\u0103\u0219ura \u00eentre Bologna \u0219i Lisabona \u00een perioada 15-18 noiembrie 2021, proiectul 2Vip va fi prezent, \u00een sesiunea de...","og_url":"https:\/\/2vip.ftsnet.it\/ro\/2vip-zboara-la-lisabona\/","og_site_name":"2ViP","article_published_time":"2022-01-19T09:54:14+00:00","og_image":[{"width":1024,"height":576,"url":"https:\/\/2vip.ftsnet.it\/wp-content\/uploads\/2021\/11\/2vipLisbona-1.jpg","type":"image\/jpeg"}],"author":"AdminEU","twitter_card":"summary_large_image","twitter_misc":{"Scris de":"AdminEU","Timp estimat pentru citire":"2 minute"},"schema":{"@context":"https:\/\/schema.org","@graph":[{"@type":"WebSite","@id":"https:\/\/2vip.ftsnet.it\/ro\/#website","url":"https:\/\/2vip.ftsnet.it\/ro\/","name":"2ViP","description":"Video &amp; Virtual reality for successful youth\u2019s Participation in democratic life","potentialAction":[{"@type":"SearchAction","target":{"@type":"EntryPoint","urlTemplate":"https:\/\/2vip.ftsnet.it\/ro\/?s={search_term_string}"},"query-input":"required name=search_term_string"}],"inLanguage":"ro-RO"},{"@type":"ImageObject","inLanguage":"ro-RO","@id":"https:\/\/2vip.ftsnet.it\/ro\/2vip-zboara-la-lisabona\/#primaryimage","url":"https:\/\/2vip.ftsnet.it\/wp-content\/uploads\/2021\/11\/2vipLisbona-1.jpg","contentUrl":"https:\/\/2vip.ftsnet.it\/wp-content\/uploads\/2021\/11\/2vipLisbona-1.jpg","width":1024,"height":576},{"@type":"WebPage","@id":"https:\/\/2vip.ftsnet.it\/ro\/2vip-zboara-la-lisabona\/","url":"https:\/\/2vip.ftsnet.it\/ro\/2vip-zboara-la-lisabona\/","name":"2Vip zboar\u0103 la Lisabona - 2ViP","isPartOf":{"@id":"https:\/\/2vip.ftsnet.it\/ro\/#website"},"primaryImageOfPage":{"@id":"https:\/\/2vip.ftsnet.it\/ro\/2vip-zboara-la-lisabona\/#primaryimage"},"datePublished":"2022-01-19T09:54:14+00:00","dateModified":"2022-01-19T09:54:14+00:00","author":{"@id":"https:\/\/2vip.ftsnet.it\/ro\/#\/schema\/person\/40f11e4ed8163d133773dca335ded470"},"breadcrumb":{"@id":"https:\/\/2vip.ftsnet.it\/ro\/2vip-zboara-la-lisabona\/#breadcrumb"},"inLanguage":"ro-RO","potentialAction":[{"@type":"ReadAction","target":["https:\/\/2vip.ftsnet.it\/ro\/2vip-zboara-la-lisabona\/"]}]},{"@type":"BreadcrumbList","@id":"https:\/\/2vip.ftsnet.it\/ro\/2vip-zboara-la-lisabona\/#breadcrumb","itemListElement":[{"@type":"ListItem","position":1,"name":"Home","item":"https:\/\/2vip.ftsnet.it\/ro\/"},{"@type":"ListItem","position":2,"name":"2Vip zboar\u0103 la Lisabona"}]},{"@type":"Person","@id":"https:\/\/2vip.ftsnet.it\/ro\/#\/schema\/person\/40f11e4ed8163d133773dca335ded470","name":"AdminEU","image":{"@type":"ImageObject","inLanguage":"ro-RO","@id":"https:\/\/2vip.ftsnet.it\/ro\/#\/schema\/person\/image\/","url":"https:\/\/secure.gravatar.com\/avatar\/f70ba451ad28a04aa3ab9aaab5f5f0c1?s=96&d=mm&r=g","contentUrl":"https:\/\/secure.gravatar.com\/avatar\/f70ba451ad28a04aa3ab9aaab5f5f0c1?s=96&d=mm&r=g","caption":"AdminEU"},"url":"https:\/\/2vip.ftsnet.it\/ro\/author\/admineu\/"}]}},"_links":{"self":[{"href":"https:\/\/2vip.ftsnet.it\/ro\/wp-json\/wp\/v2\/posts\/5862"}],"collection":[{"href":"https:\/\/2vip.ftsnet.it\/ro\/wp-json\/wp\/v2\/posts"}],"about":[{"href":"https:\/\/2vip.ftsnet.it\/ro\/wp-json\/wp\/v2\/types\/post"}],"author":[{"embeddable":true,"href":"https:\/\/2vip.ftsnet.it\/ro\/wp-json\/wp\/v2\/users\/5"}],"replies":[{"embeddable":true,"href":"https:\/\/2vip.ftsnet.it\/ro\/wp-json\/wp\/v2\/comments?post=5862"}],"version-history":[{"count":1,"href":"https:\/\/2vip.ftsnet.it\/ro\/wp-json\/wp\/v2\/posts\/5862\/revisions"}],"predecessor-version":[{"id":5866,"href":"https:\/\/2vip.ftsnet.it\/ro\/wp-json\/wp\/v2\/posts\/5862\/revisions\/5866"}],"wp:featuredmedia":[{"embeddable":true,"href":"https:\/\/2vip.ftsnet.it\/ro\/wp-json\/wp\/v2\/media\/5865"}],"wp:attachment":[{"href":"https:\/\/2vip.ftsnet.it\/ro\/wp-json\/wp\/v2\/media?parent=5862"}],"wp:term":[{"taxonomy":"category","embeddable":true,"href":"https:\/\/2vip.ftsnet.it\/ro\/wp-json\/wp\/v2\/categories?post=5862"},{"taxonomy":"post_tag","embeddable":true,"href":"https:\/\/2vip.ftsnet.it\/ro\/wp-json\/wp\/v2\/tags?post=5862"}],"curies":[{"name":"wp","href":"https:\/\/api.w.org\/{rel}","templated":true}]}}